{"id":7,"date":"2015-03-17T03:50:21","date_gmt":"2015-03-17T02:50:21","guid":{"rendered":"http:\/\/fight-errorism.de\/kanada\/?p=7"},"modified":"2015-03-17T04:38:19","modified_gmt":"2015-03-17T03:38:19","slug":"die-ankunft","status":"publish","type":"post","link":"http:\/\/fight-errorism.de\/kanada\/die-ankunft\/","title":{"rendered":"Die Ankunft"},"content":{"rendered":"<p>Nein, das Flugzeug ist nicht abgest\u00fcrzt und auch der m\u00fcrrisch-misstrauisch guckende Passkontrolleur hat mir nach gef\u00fchlten zehn Minuten z\u00e4her Verhandlungen einen Visumstempel in den Pass gedr\u00fcckt. Wusste er nicht, was ein &#8222;theologian&#8220; ist? Erschien es ihm so unglaublich, dass man fast drei Monate freiwillig eine kanadische Kirchengemeinde besuchen w\u00fcrde? <!--more--> Ich hatte ihm\u00a0 mein Handy ausgeh\u00e4ndigt, um ihm die Mails zu zeigen, die best\u00e4tigen, dass es in Kanada tats\u00e4chlich Leute gibt, bei denen ich wohnen kann. Auch nach den Verhandlungen schien er nicht ganz zufrieden zu sein, aber ich hatte den Stempel und konnte mich aus dem Staub machen.<\/p>\n<p>Trotz eines engagierten Sprints durch den Flughafen von Calgary verpasste ich um etwa eine Minute meinen Anschlussflug nach Edmonton. Ebenso sechs andere Deutsche, die mit mir aus dem Flugzeug aus Frankfurt gestiegen und in der Passkontrolle h\u00e4ngen geblieben waren. Wir alle konnten im n\u00e4chsten Flugzeug untergebracht werden, das eine Stunde sp\u00e4ter abfliegen sollte. Zun\u00e4chst musste das zusammengenietete Aluminiumger\u00fcmpel mit den beiden Propellern und Platz f\u00fcr ca. 40 Personen enteist werden. Aus zwei Kr\u00e4nen mit Wasserwerfern spritzten neongr\u00fcne bis br\u00e4unliche Fl\u00fcssigkeiten auf die Tragfl\u00e4chen. Kurz vor der Landung ein rotgl\u00fchender Abendhimmel \u00fcber der Pr\u00e4rie.<\/p>\n<p>Pfarrerin Ingrid holte mich ab und wir warteten eine halbe Stunde vergeblich auf mein Gep\u00e4ck. Es war in Calgary verblieben, da der verbeulte Aluminiumhaufen sonst wohl den Kampf mit der Schwerkraft verloren h\u00e4tte. Also tief durchgeatmet, an Sonjas leichtfertig missachteten Rat erinnert Notw\u00e4sche und Zahnb\u00fcrste im Handgep\u00e4ck mitzunehmen, Formular ausgef\u00fcllt und mit dem Gel\u00e4ndewagen los zu meiner Gastfamilie. Endlich bei Dale und Ruth angekommen freundlich begr\u00fc\u00dft worden, Stew gegessen, noch ein wenig unterhalten (mein toter Punkt war um 21 Uhr [4 Uhr MEZ] bereits \u00fcberschritten) und schlie\u00dflich im G\u00e4stezimmer ins Bett gefallen.<\/p>\n<p>Mein Gep\u00e4ck kam am n\u00e4chsten Morgen um 10 Uhr an. Und ich schlie\u00dflich auch.<\/p>\n","protected":false},"excerpt":{"rendered":"<p>Nein, das Flugzeug ist nicht abgest\u00fcrzt und auch der m\u00fcrrisch-misstrauisch guckende Passkontrolleur hat mir nach gef\u00fchlten zehn Minuten z\u00e4her Verhandlungen einen Visumstempel in den Pass gedr\u00fcckt. Wusste er nicht, was ein &#8222;theologian&#8220; ist? Erschien es ihm so unglaublich, dass man fast drei Monate freiwillig eine kanadische Kirchengemeinde besuchen w\u00fcrde?<\/p>\n","protected":false},"author":1,"featured_media":4,"comment_status":"open","ping_status":"open","sticky":false,"template":"","format":"standard","meta":[],"categories":[1],"tags":[],"_links":{"self":[{"href":"http:\/\/fight-errorism.de\/kanada\/wp-json\/wp\/v2\/posts\/7"}],"collection":[{"href":"http:\/\/fight-errorism.de\/kanada\/wp-json\/wp\/v2\/posts"}],"about":[{"href":"http:\/\/fight-errorism.de\/kanada\/wp-json\/wp\/v2\/types\/post"}],"author":[{"embeddable":true,"href":"http:\/\/fight-errorism.de\/kanada\/wp-json\/wp\/v2\/users\/1"}],"replies":[{"embeddable":true,"href":"http:\/\/fight-errorism.de\/kanada\/wp-json\/wp\/v2\/comments?post=7"}],"version-history":[{"count":3,"href":"http:\/\/fight-errorism.de\/kanada\/wp-json\/wp\/v2\/posts\/7\/revisions"}],"predecessor-version":[{"id":16,"href":"http:\/\/fight-errorism.de\/kanada\/wp-json\/wp\/v2\/posts\/7\/revisions\/16"}],"wp:featuredmedia":[{"embeddable":true,"href":"http:\/\/fight-errorism.de\/kanada\/wp-json\/wp\/v2\/media\/4"}],"wp:attachment":[{"href":"http:\/\/fight-errorism.de\/kanada\/wp-json\/wp\/v2\/media?parent=7"}],"wp:term":[{"taxonomy":"category","embeddable":true,"href":"http:\/\/fight-errorism.de\/kanada\/wp-json\/wp\/v2\/categories?post=7"},{"taxonomy":"post_tag","embeddable":true,"href":"http:\/\/fight-errorism.de\/kanada\/wp-json\/wp\/v2\/tags?post=7"}],"curies":[{"name":"wp","href":"https:\/\/api.w.org\/{rel}","templated":true}]}}