{"id":274,"date":"2015-05-09T17:34:07","date_gmt":"2015-05-09T15:34:07","guid":{"rendered":"http:\/\/fight-errorism.de\/kanada\/?p=274"},"modified":"2015-05-09T17:48:32","modified_gmt":"2015-05-09T15:48:32","slug":"merkwuerdige-dinge","status":"publish","type":"post","link":"http:\/\/fight-errorism.de\/kanada\/merkwuerdige-dinge\/","title":{"rendered":"Merkw\u00fcrdige Dinge &#8230;"},"content":{"rendered":"<p>&#8230; passieren in dieser Stadt und der Provinz:<\/p>\n<ul>\n<li>Dienstag wurde <a href=\"http:\/\/en.wikipedia.org\/wiki\/Alberta_general_election,_2015\" target=\"_blank\">nach 44 Jahren eine andere Regierungspartei<\/a> gew\u00e4hlt: Die demokratische Partei l\u00f6st die Konservativen in Alberta ab.<\/li>\n<li>Mitte der Woche ein Temperatursturz um 15\u00b0 und Schnee, der alle paar Jahre mal im Mai vorkommt. Inzwischen ist es wieder w\u00e4rmer (~16\u00b0 C).<\/li>\n<li>Gestern ein mehrst\u00fcndiger <a href=\"http:\/\/globalnews.ca\/news\/1930718\/power-outage-in-edmonton-effects-more-than-100-blocks\/\" target=\"_blank\">Stromausfall im ganzen S\u00fcdwesten der Stadt<\/a>.<\/li>\n<li>Gestern zerbarst die Heckscheibe eines stehenden Autos auf dem Kirchenparkplatz ohne erkennbaren Grund.<\/li>\n<\/ul>\n<p><!--more--><\/p>\n<p>Wenn man dann noch die <a href=\"http:\/\/fight-errorism.de\/kanada\/titangummi\/\">verdrehten Stahltr\u00e4ger<\/a> und die <a href=\"http:\/\/fight-errorism.de\/kanada\/die-leichenblume-und-der-wunderbare-mandarin\/\">\u00fcbereifrige Stinkeblume<\/a> hinzuz\u00e4hlt, sind das dann nicht eine ganze Menge merkw\u00fcrdiger Begebenheiten in den nicht einmal zwei Monaten, die ich jetzt hier bin? Wahrscheinlich nicht.<\/p>\n<p>Da meine Predigt letzten Sonntag doch recht stark von der schriftlichen Vorlage abgewichen hat, stelle ich den Text hier nicht rein, werde aber eventuell einen Mitschnitt einstellen, sobald ich ihn erhalte.<\/p>\n<p>In den vergangenen zwei Wochen habe ich in der Gemeinde einen Trauerfall miterlebt, vom Trauergespr\u00e4ch mit der Witwe und der Familie bis zur Urnenbeisetzung. Der Verstorbene hatte eine der besten B\u00e4ckereien der Stadt gegr\u00fcndet, die bei Besuchen der britischen K\u00f6nigshauses manchmal Torten und Kuchen bereitet hat. Zum Trauergottesdienst war die Kirche mit rund 270 Personen voll. Eine sehr bewegende Zeremonie, was auch daran lag, dass die Familie in die Gestaltung des Trauergottesdienstes sehr mit eingebunden war.<\/p>\n<p>Ansonsten bin ich damit besch\u00e4ftigt, eine Taiz\u00e9andacht zum 100. Geburtstag des Gr\u00fcnders der Communaut\u00e9 de Taiz\u00e9, Fr\u00e8re Roger, vorzubereiten, die am Dienstag in der anglikanischen Nachbarkirche stattfinden wird. Heute Nachmittag steht noch eine Kirchenratsr\u00fcste auf dem Programm.<\/p>\n<p>Also: Wenn ich hier eine Weile nichts schreibe, liegt das nicht daran, dass ich nichts erlebe, sondern dass ich so viel erlebe!<\/p>\n","protected":false},"excerpt":{"rendered":"<p>&#8230; passieren in dieser Stadt und der Provinz: Dienstag wurde nach 44 Jahren eine andere Regierungspartei gew\u00e4hlt: Die demokratische Partei l\u00f6st die Konservativen in Alberta ab. Mitte der Woche ein Temperatursturz um 15\u00b0 und Schnee, der alle paar Jahre mal im Mai vorkommt. Inzwischen ist es wieder w\u00e4rmer (~16\u00b0 C). Gestern ein mehrst\u00fcndiger Stromausfall im &hellip; <a href=\"http:\/\/fight-errorism.de\/kanada\/merkwuerdige-dinge\/\" class=\"more-link\"><span class=\"screen-reader-text\">Merkw\u00fcrdige Dinge &#8230;<\/span> weiterlesen<\/a><\/p>\n","protected":false},"author":1,"featured_media":275,"comment_status":"open","ping_status":"open","sticky":false,"template":"","format":"standard","meta":[],"categories":[1],"tags":[],"_links":{"self":[{"href":"http:\/\/fight-errorism.de\/kanada\/wp-json\/wp\/v2\/posts\/274"}],"collection":[{"href":"http:\/\/fight-errorism.de\/kanada\/wp-json\/wp\/v2\/posts"}],"about":[{"href":"http:\/\/fight-errorism.de\/kanada\/wp-json\/wp\/v2\/types\/post"}],"author":[{"embeddable":true,"href":"http:\/\/fight-errorism.de\/kanada\/wp-json\/wp\/v2\/users\/1"}],"replies":[{"embeddable":true,"href":"http:\/\/fight-errorism.de\/kanada\/wp-json\/wp\/v2\/comments?post=274"}],"version-history":[{"count":4,"href":"http:\/\/fight-errorism.de\/kanada\/wp-json\/wp\/v2\/posts\/274\/revisions"}],"predecessor-version":[{"id":279,"href":"http:\/\/fight-errorism.de\/kanada\/wp-json\/wp\/v2\/posts\/274\/revisions\/279"}],"wp:featuredmedia":[{"embeddable":true,"href":"http:\/\/fight-errorism.de\/kanada\/wp-json\/wp\/v2\/media\/275"}],"wp:attachment":[{"href":"http:\/\/fight-errorism.de\/kanada\/wp-json\/wp\/v2\/media?parent=274"}],"wp:term":[{"taxonomy":"category","embeddable":true,"href":"http:\/\/fight-errorism.de\/kanada\/wp-json\/wp\/v2\/categories?post=274"},{"taxonomy":"post_tag","embeddable":true,"href":"http:\/\/fight-errorism.de\/kanada\/wp-json\/wp\/v2\/tags?post=274"}],"curies":[{"name":"wp","href":"https:\/\/api.w.org\/{rel}","templated":true}]}}