{"id":260,"date":"2015-04-28T02:29:33","date_gmt":"2015-04-28T00:29:33","guid":{"rendered":"http:\/\/fight-errorism.de\/kanada\/?p=260"},"modified":"2015-04-28T02:29:33","modified_gmt":"2015-04-28T00:29:33","slug":"minipferde-und-musik","status":"publish","type":"post","link":"http:\/\/fight-errorism.de\/kanada\/minipferde-und-musik\/","title":{"rendered":"Minipferde und Musik"},"content":{"rendered":"<p>Zun\u00e4chst einmal bitte ich um Nachsicht, dass die letzte Woche keine weiteren Beitr\u00e4ge von mir erschienen sind. Neben dem &#8222;gemeindlichen Alltag&#8220;, wenn es denn so einen gibt (Besprechungen, Gottesdienst in einem Seniorenheim, Konfirmandenunterricht und Gottesdienstvorbereitung), bin ich mehreren Einladungen von Mitgliedern der Gemeinde nachgekommen, die in der Umgebung von Edmonton leben, zu besuchen.<!--more-->Letzten Montag war ich auf einer Farm f\u00fcr Kleinpferde in Ardrossan. Die niedlichen Viecher wollten mich gar nicht mehr gehen lassen, sondern haben sich um mich geschart und mich gleich liebevoll in ihre Herde aufgenommen. Auf denen kann man zwar nicht reiten, aber sie lieben es, Kutschen zu ziehen! Ihre Besitzer haben mir erz\u00e4hlt, dass sie fr\u00fcher mit ihrer Tochter zu dritt in drei Gespannen regelm\u00e4\u00dfig in die Stadt gefahren sind. Zudem sind sie viel robuster als Gro\u00dfpferde, k\u00f6nnen den Winter \u00fcber drau\u00dfen bleiben, fressen weniger und man kann sie \u00fcberall hin mitnehmen. Da kann man echt mal \u00fcberlegen, sich so eins anzuschaffen.<\/p>\n<p>Dienstag war ich in Sherwood Park bei einem ehemaligen Pfarrer der Trinity Lutheran Church und seiner Frau, die dort ihr Haus mit angrenzendem Golfplatz und W\u00e4ldchen haben. Sie ist fr\u00fcher mit einer Schwester von <a href=\"http:\/\/de.wikipedia.org\/wiki\/Maria_von_Wedemeyer\" target=\"_blank\">Maria von Wedemeyer<\/a> in eine Klasse gegangen. Ihr Bruder war Student im <a href=\"http:\/\/www.dietrich-bonhoeffer.net\/leben\/finkenwalde\/\" target=\"_blank\">Finkenwalder Predigerseminar<\/a> gewesen &#8211; lebendige Theologiegeschichte also! Spannende Gespr\u00e4che \u00fcber die Entstehung von lutherischen Gemeinden in Westkanada und den Wandel des Selbstverst\u00e4ndnisses von sowie der Sichtweise auf Pfarrer und Pfarrerinnen \u00fcber die letzten Jahrzehnte.<\/p>\n<p>Donnerstag war ich in St. Albert zu besuch, einer der \u00e4ltesten Siedlungen der nach Westen vordringenden Europ\u00e4er in Alberta, dabei gerade einmal 150 Jahre alt. Dabei habe ich viel \u00fcber die geistige Stimmung hier in Kanada gelernt. Demn\u00e4chst finden in Alberta Provinzwahlen statt, bei denen zum ersten Mal seit etwa 40 Jahren die herrschende konservative Partei (vergleichbar etwa mit der CSU) von einer sozialdemokratischen Partei abgel\u00f6st werden k\u00f6nnte. Die konservative Partei sch\u00fcrt hier die Angst vor Terrorismus und Einwanderung und leider sind viele Menschen f\u00fcr einfache Wahrheiten sehr empf\u00e4nglich.<\/p>\n<p>Am Wochenende war <a href=\"http:\/\/www.linneagood.com\/\" target=\"_blank\">Linnea Good<\/a> zu Gast in Edmonton und hat einen Workshop zu Musik im Gottesdienst in Trinity angeboten. Gute Einsichten, ein toller Vortrag und viel fr\u00f6hliche Musik! Am Abend gabe es dann ein Konzert in der Ascension Lutheran Church. Etwas sp\u00e4rlich besucht, hatten aber alle, die dort waren viel Spa\u00df. Ich war als Computerexperte eingesetzt und hatte die Projektorfolien mit den Liedtexten geschaltet. Hier ein Lied von Linnea:<\/p>\n<p><iframe loading=\"lazy\" width=\"660\" height=\"371\" src=\"https:\/\/www.youtube.com\/embed\/hCii_yEZveA?feature=oembed\" frameborder=\"0\" allowfullscreen><\/iframe><\/p>\n<p>Am Sonntag habe ich \u00fcber Schafe gepredigt, was ihr im n\u00e4chsten Beitrag nachlesen k\u00f6nnt.<\/p>\n","protected":false},"excerpt":{"rendered":"<p>Zun\u00e4chst einmal bitte ich um Nachsicht, dass die letzte Woche keine weiteren Beitr\u00e4ge von mir erschienen sind. Neben dem &#8222;gemeindlichen Alltag&#8220;, wenn es denn so einen gibt (Besprechungen, Gottesdienst in einem Seniorenheim, Konfirmandenunterricht und Gottesdienstvorbereitung), bin ich mehreren Einladungen von Mitgliedern der Gemeinde nachgekommen, die in der Umgebung von Edmonton leben, zu besuchen.<\/p>\n","protected":false},"author":1,"featured_media":262,"comment_status":"open","ping_status":"open","sticky":false,"template":"","format":"standard","meta":[],"categories":[1],"tags":[43,30,33,42,41],"_links":{"self":[{"href":"http:\/\/fight-errorism.de\/kanada\/wp-json\/wp\/v2\/posts\/260"}],"collection":[{"href":"http:\/\/fight-errorism.de\/kanada\/wp-json\/wp\/v2\/posts"}],"about":[{"href":"http:\/\/fight-errorism.de\/kanada\/wp-json\/wp\/v2\/types\/post"}],"author":[{"embeddable":true,"href":"http:\/\/fight-errorism.de\/kanada\/wp-json\/wp\/v2\/users\/1"}],"replies":[{"embeddable":true,"href":"http:\/\/fight-errorism.de\/kanada\/wp-json\/wp\/v2\/comments?post=260"}],"version-history":[{"count":2,"href":"http:\/\/fight-errorism.de\/kanada\/wp-json\/wp\/v2\/posts\/260\/revisions"}],"predecessor-version":[{"id":263,"href":"http:\/\/fight-errorism.de\/kanada\/wp-json\/wp\/v2\/posts\/260\/revisions\/263"}],"wp:featuredmedia":[{"embeddable":true,"href":"http:\/\/fight-errorism.de\/kanada\/wp-json\/wp\/v2\/media\/262"}],"wp:attachment":[{"href":"http:\/\/fight-errorism.de\/kanada\/wp-json\/wp\/v2\/media?parent=260"}],"wp:term":[{"taxonomy":"category","embeddable":true,"href":"http:\/\/fight-errorism.de\/kanada\/wp-json\/wp\/v2\/categories?post=260"},{"taxonomy":"post_tag","embeddable":true,"href":"http:\/\/fight-errorism.de\/kanada\/wp-json\/wp\/v2\/tags?post=260"}],"curies":[{"name":"wp","href":"https:\/\/api.w.org\/{rel}","templated":true}]}}