{"id":101,"date":"2015-03-26T16:17:08","date_gmt":"2015-03-26T15:17:08","guid":{"rendered":"http:\/\/fight-errorism.de\/kanada\/?p=101"},"modified":"2015-03-26T16:17:08","modified_gmt":"2015-03-26T15:17:08","slug":"ein-grosser-keks","status":"publish","type":"post","link":"http:\/\/fight-errorism.de\/kanada\/ein-grosser-keks\/","title":{"rendered":"Ein gro\u00dfer Keks und ein Auto"},"content":{"rendered":"<p>Da ich gerade an einem etwas gr\u00f6\u00dferen theologischen Keks knabbere, \u00fcber den ich noch recherchieren und mich informieren muss, bevor ich dazu etwas ver\u00f6ffentlichen kann, hier erst mal nur kurz die Meldung, dass ich von einer Familie der Gemeinde, die nach Europa (&#8222;uff Malle&#8220;) f\u00e4hrt und anschlie\u00dfend Israel bereist, einen roten Toyota Corolla f\u00fcr einen Monat bereitgestellt bekommen habe, um Edmonton und Umgebung zu erkunden, worauf ich mich nat\u00fcrlich schon sehr freue. War das ganze jetzt ein Satz? Oje, ich bitte um Entschuldigung, ich habe gerade keine Zeit, um mich kurz zu fassen (frei nach Blaise Pascal, f\u00e4lschlich <a href=\"http:\/\/de.wikiquote.org\/wiki\/Voltaire#F.C3.A4lschlich_zugeschrieben\" target=\"_blank\">Voltaire [und Goethe]<\/a> zugeschrieben).<\/p>\n","protected":false},"excerpt":{"rendered":"<p>Da ich gerade an einem etwas gr\u00f6\u00dferen theologischen Keks knabbere, \u00fcber den ich noch recherchieren und mich informieren muss, bevor ich dazu etwas ver\u00f6ffentlichen kann, hier erst mal nur kurz die Meldung, dass ich von einer Familie der Gemeinde, die nach Europa (&#8222;uff Malle&#8220;) f\u00e4hrt und anschlie\u00dfend Israel bereist, einen roten Toyota Corolla f\u00fcr einen &hellip; <a href=\"http:\/\/fight-errorism.de\/kanada\/ein-grosser-keks\/\" class=\"more-link\"><span class=\"screen-reader-text\">Ein gro\u00dfer Keks und ein Auto<\/span> weiterlesen<\/a><\/p>\n","protected":false},"author":1,"featured_media":0,"comment_status":"open","ping_status":"open","sticky":false,"template":"","format":"standard","meta":[],"categories":[1],"tags":[],"_links":{"self":[{"href":"http:\/\/fight-errorism.de\/kanada\/wp-json\/wp\/v2\/posts\/101"}],"collection":[{"href":"http:\/\/fight-errorism.de\/kanada\/wp-json\/wp\/v2\/posts"}],"about":[{"href":"http:\/\/fight-errorism.de\/kanada\/wp-json\/wp\/v2\/types\/post"}],"author":[{"embeddable":true,"href":"http:\/\/fight-errorism.de\/kanada\/wp-json\/wp\/v2\/users\/1"}],"replies":[{"embeddable":true,"href":"http:\/\/fight-errorism.de\/kanada\/wp-json\/wp\/v2\/comments?post=101"}],"version-history":[{"count":1,"href":"http:\/\/fight-errorism.de\/kanada\/wp-json\/wp\/v2\/posts\/101\/revisions"}],"predecessor-version":[{"id":102,"href":"http:\/\/fight-errorism.de\/kanada\/wp-json\/wp\/v2\/posts\/101\/revisions\/102"}],"wp:attachment":[{"href":"http:\/\/fight-errorism.de\/kanada\/wp-json\/wp\/v2\/media?parent=101"}],"wp:term":[{"taxonomy":"category","embeddable":true,"href":"http:\/\/fight-errorism.de\/kanada\/wp-json\/wp\/v2\/categories?post=101"},{"taxonomy":"post_tag","embeddable":true,"href":"http:\/\/fight-errorism.de\/kanada\/wp-json\/wp\/v2\/tags?post=101"}],"curies":[{"name":"wp","href":"https:\/\/api.w.org\/{rel}","templated":true}]}}